{"id":205,"date":"2025-02-28T15:02:47","date_gmt":"2025-02-28T14:02:47","guid":{"rendered":"https:\/\/laurignano.com\/press\/?p=205"},"modified":"2025-05-06T07:14:11","modified_gmt":"2025-05-06T05:14:11","slug":"noi","status":"publish","type":"post","link":"https:\/\/laurignano.com\/press\/noi\/","title":{"rendered":"Noi"},"content":{"rendered":"<p>Oggi, in piazza, si discuteva con alcuni cittadini dell&#8217;ultimo articolo <a href=\"https:\/\/laurignano.com\/press\/religione\/\" target=\"_blank\">1+1<\/a> pubblicato sulla pericolosit\u00e0 della religione. Qualcuno ha detto giustamente che non possiamo parlare a nome di tutti. \u00c8 un&#8217;osservazione molto profonda e importante.<\/p>\n<p>La verit\u00e0 \u00e8 che non possiamo parlare a nome di tutti, perch\u00e9 ogni persona \u00e8 unica e ha le sue proprie esperienze, pensieri e sentimenti.<\/p>\n<p>Tuttavia, possiamo cercare di comprendere e rispettare le differenze tra le persone, e di parlare in modo da essere inclusivi e rispettosi di tutte le prospettive. Ci\u00f2 richiede una grande dose di empatia, ascolto e apertura mentale.\u00a0 Inoltre, possiamo cercare di identificare i valori e i principi che sono comuni a tutte le persone, come ad esempio la dignit\u00e0, la libert\u00e0 e la ricerca della felicit\u00e0, e non lo stadio, la chiesa e le feste patronali o altro del genere. Questi valori possono essere un punto di partenza per costruire un discorso che sia inclusivo e rispettoso di tutte le differenze.<\/p>\n<p>Ma \u00e8 importante riconoscere che non possiamo mai parlare a nome di tutti, e che ogni persona ha il diritto di esprimere se stessa e di essere ascoltata. La diversit\u00e0 \u00e8 una ricchezza, e dovremmo celebrarla e proteggerla, anzich\u00e9 cercare di omologarla o di ridurla a un&#8217;unica voce.<\/p>\n<p>In questo senso, la creativit\u00e0 e la libert\u00e0 individuale sono fondamentali, perch\u00e9 permettono a ogni persona di esprimere se stessa in modo unico e di contribuire alla ricchezza della diversit\u00e0 umana.<\/p>\n","protected":false},"excerpt":{"rendered":"<p>Oggi, in piazza, si discuteva con alcuni cittadini dell&#8217;ultimo articolo 1+1 pubblicato sulla pericolosit\u00e0 della religione. Qualcuno ha detto giustamente che non possiamo parlare a nome di tutti. \u00c8 un&#8217;osservazione molto profonda e importante. La verit\u00e0 \u00e8 che non possiamo parlare a nome di tutti, perch\u00e9 ogni persona \u00e8 unica e ha le sue proprie [&hellip;]<\/p>\n","protected":false},"author":3,"featured_media":0,"comment_status":"open","ping_status":"open","sticky":false,"template":"","format":"standard","meta":{"mf2_syndication":[],"webmentions_disabled_pings":false,"webmentions_disabled":false,"activitypub_content_warning":"","activitypub_content_visibility":"","activitypub_max_image_attachments":4,"activitypub_interaction_policy_quote":"anyone","activitypub_status":"","footnotes":""},"categories":[22],"tags":[23,17],"class_list":{"0":"post-205","1":"post","2":"type-post","3":"status-publish","4":"format-standard","6":"category-pensiero","7":"tag-pensiero","8":"tag-persona","9":"kind-note","11":"h-entry","12":"hentry"},"kind":false,"_links":{"self":[{"href":"https:\/\/laurignano.com\/press\/wp-json\/wp\/v2\/posts\/205","targetHints":{"allow":["GET"]}}],"collection":[{"href":"https:\/\/laurignano.com\/press\/wp-json\/wp\/v2\/posts"}],"about":[{"href":"https:\/\/laurignano.com\/press\/wp-json\/wp\/v2\/types\/post"}],"author":[{"embeddable":true,"href":"https:\/\/laurignano.com\/press\/wp-json\/wp\/v2\/users\/3"}],"replies":[{"embeddable":true,"href":"https:\/\/laurignano.com\/press\/wp-json\/wp\/v2\/comments?post=205"}],"version-history":[{"count":8,"href":"https:\/\/laurignano.com\/press\/wp-json\/wp\/v2\/posts\/205\/revisions"}],"predecessor-version":[{"id":214,"href":"https:\/\/laurignano.com\/press\/wp-json\/wp\/v2\/posts\/205\/revisions\/214"}],"wp:attachment":[{"href":"https:\/\/laurignano.com\/press\/wp-json\/wp\/v2\/media?parent=205"}],"wp:term":[{"taxonomy":"category","embeddable":true,"href":"https:\/\/laurignano.com\/press\/wp-json\/wp\/v2\/categories?post=205"},{"taxonomy":"post_tag","embeddable":true,"href":"https:\/\/laurignano.com\/press\/wp-json\/wp\/v2\/tags?post=205"}],"curies":[{"name":"wp","href":"https:\/\/api.w.org\/{rel}","templated":true}]}}