{"id":841,"date":"2025-06-01T15:29:19","date_gmt":"2025-06-01T13:29:19","guid":{"rendered":"https:\/\/laurignano.com\/press\/?p=841"},"modified":"2025-06-01T15:29:19","modified_gmt":"2025-06-01T13:29:19","slug":"la-caccia-una-guerra-contro-lecosistema-della-natura","status":"publish","type":"post","link":"https:\/\/laurignano.com\/press\/la-caccia-una-guerra-contro-lecosistema-della-natura\/","title":{"rendered":"La Caccia: Una Guerra contro l&#8217;Ecosistema della Natura"},"content":{"rendered":"<p>La caccia, spesso considerata uno sport o una tradizione, \u00e8 in realt\u00e0 una guerra silenziosa contro l&#8217;ecosistema della natura. Ogni colpo di fucile, ogni trappola piazzata, rappresenta un attacco diretto alla delicata armonia degli habitat naturali. Gli animali non sono semplici trofei da esibire o carne da consumare; sono esseri viventi che svolgono ruoli cruciali nei loro ecosistemi.<\/p>\n<p>La caccia, soprattutto quella illegale, distrugge l&#8217;equilibrio naturale. La rimozione di predatori o prede chiave pu\u00f2 avere effetti a catena devastanti, alterando le dinamiche popolazionali e compromettendo la salute degli ecosistemi. Ad esempio, la riduzione del numero di lupi pu\u00f2 portare a un aumento esponenziale dei cervi, che a loro volta possono sovrapascolare le foreste, distruggendo gli habitat di altre specie.<\/p>\n<blockquote><p>Questo articolo vuole mostrare solidariet\u00e0 a Danilo Baldini, della Lega per l\u2019Abolizione della Caccia, Marche, che ha ricevuto un capriolo decapitato come atto intimidatorio. La sua lotta per la protezione degli animali e degli ecosistemi \u00e8 un esempio di coraggio e dedizione. Non possiamo permettere che il silenzio e la paura prevalgano. Dobbiamo continuare a combattere per un mondo pi\u00f9 giusto e sostenibile, dove ogni essere vivente possa vivere in pace e sicurezza.<br \/>\n<a href=\"https:\/\/www.abolizionecaccia.it\/\" target=\"_blank\">https:\/\/www.abolizionecaccia.it\/<\/a>\n<\/p><\/blockquote>\n<p>La caccia non \u00e8 solo una questione di numeri; \u00e8 una questione di etica e rispetto per la vita. Gli animali meritano di vivere liberi e in pace, senza essere perseguitati e uccisi per il piacere umano. La natura non \u00e8 un parco giochi per gli esseri umani, ma un sistema complesso e interconnesso che merita di essere protetto e rispettato.<\/p>\n<p>Inoltre, la caccia illegale alimenta il traffico di specie protette, contribuendo alla distruzione degli habitat e alla perdita di biodiversit\u00e0. Questo traffico non solo minaccia le specie a rischio, ma anche le comunit\u00e0 locali che dipendono dagli ecosistemi sani per la loro sopravvivenza.<\/p>\n<p>La lotta contro la caccia deve essere vista come una battaglia per la conservazione della natura e per il futuro del nostro pianeta. Ogni azione per proteggere gli animali e i loro habitat \u00e8 un passo verso un mondo pi\u00f9 sostenibile e giusto. \u00c8 tempo di riconoscere la caccia per ci\u00f2 che \u00e8: una guerra contro l&#8217;ecosistema della natura, e di impegnarci tutti per porre fine a questa distruzione ingiustificata.<\/p>\n","protected":false},"excerpt":{"rendered":"<p>La caccia, spesso considerata uno sport o una tradizione, \u00e8 in realt\u00e0 una guerra silenziosa contro l&#8217;ecosistema della natura. Ogni colpo di fucile, ogni trappola piazzata, rappresenta un attacco diretto alla delicata armonia degli habitat naturali. Gli animali non sono semplici trofei da esibire o carne da consumare; sono esseri viventi che svolgono ruoli cruciali [&hellip;]<\/p>\n","protected":false},"author":3,"featured_media":0,"comment_status":"open","ping_status":"open","sticky":false,"template":"","format":"standard","meta":{"mf2_syndication":["https:\/\/www.abolizionecaccia.it\/"],"webmentions_disabled_pings":false,"webmentions_disabled":false,"activitypub_content_warning":"","activitypub_content_visibility":"","activitypub_max_image_attachments":4,"activitypub_interaction_policy_quote":"anyone","activitypub_status":"","footnotes":""},"categories":[85,223,62,37],"tags":[29,442,441,352,446,132,443,444,415,445],"class_list":{"0":"post-841","1":"post","2":"type-post","3":"status-publish","4":"format-standard","6":"category-ambiente","7":"category-animali","8":"category-giustizia","9":"category-politica","10":"tag-ambiente","11":"tag-animali","12":"tag-caccia","13":"tag-conservazione","14":"tag-danilobaldini","15":"tag-ecologia","16":"tag-etica","17":"tag-intimidazione","18":"tag-protezione","19":"tag-solidarieta","20":"kind-article","21":"indieauth_client-ambiente","22":"indieauth_client-animali","23":"indieauth_client-caccia","24":"indieauth_client-conservazione","25":"indieauth_client-danilobaldini","26":"indieauth_client-ecologia","27":"indieauth_client-etica","28":"indieauth_client-intimidazione","29":"indieauth_client-protezione","30":"indieauth_client-solidarieta","32":"h-entry","33":"hentry"},"kind":false,"_links":{"self":[{"href":"https:\/\/laurignano.com\/press\/wp-json\/wp\/v2\/posts\/841","targetHints":{"allow":["GET"]}}],"collection":[{"href":"https:\/\/laurignano.com\/press\/wp-json\/wp\/v2\/posts"}],"about":[{"href":"https:\/\/laurignano.com\/press\/wp-json\/wp\/v2\/types\/post"}],"author":[{"embeddable":true,"href":"https:\/\/laurignano.com\/press\/wp-json\/wp\/v2\/users\/3"}],"replies":[{"embeddable":true,"href":"https:\/\/laurignano.com\/press\/wp-json\/wp\/v2\/comments?post=841"}],"version-history":[{"count":2,"href":"https:\/\/laurignano.com\/press\/wp-json\/wp\/v2\/posts\/841\/revisions"}],"predecessor-version":[{"id":843,"href":"https:\/\/laurignano.com\/press\/wp-json\/wp\/v2\/posts\/841\/revisions\/843"}],"wp:attachment":[{"href":"https:\/\/laurignano.com\/press\/wp-json\/wp\/v2\/media?parent=841"}],"wp:term":[{"taxonomy":"category","embeddable":true,"href":"https:\/\/laurignano.com\/press\/wp-json\/wp\/v2\/categories?post=841"},{"taxonomy":"post_tag","embeddable":true,"href":"https:\/\/laurignano.com\/press\/wp-json\/wp\/v2\/tags?post=841"}],"curies":[{"name":"wp","href":"https:\/\/api.w.org\/{rel}","templated":true}]}}