{"id":2,"name":"laurignano.com","url":"https:\/\/laurignano.com\/press\/author\/laurignano.com\/","description":"Criticare ci\u00f2 che non si conosce \u00e8 comune. La chiave \u00e8 promuovere dialogo e educazione. Non possiamo affrontare le sfide tecno-climatiche e digitali con superficialit\u00e0. Uniamoci in un coro di consapevolezza e innovazione, proprio come si urla 'al\u00e9 al\u00e9' allo stadio e si canta 'av\u00e9 av\u00e9' in chiesa, per costruire un futuro sostenibile.","link":"https:\/\/laurignano.com\/press\/author\/laurignano-com\/","slug":"laurignano-com","avatar_urls":{"24":"https:\/\/secure.gravatar.com\/avatar\/9b646237843031189ad864e2adfd3440e663775e2e0820edd877b27a510f0348?s=24&r=g","48":"https:\/\/secure.gravatar.com\/avatar\/9b646237843031189ad864e2adfd3440e663775e2e0820edd877b27a510f0348?s=48&r=g","96":"https:\/\/secure.gravatar.com\/avatar\/9b646237843031189ad864e2adfd3440e663775e2e0820edd877b27a510f0348?s=96&r=g"},"meta":{"wp_activitypub_hide_social_graph":0},"me":["https:\/\/bsky.app\/profile\/@laurignano.com","https:\/\/laurignano.com\/press\/"],"_links":{"self":[{"href":"https:\/\/laurignano.com\/press\/wp-json\/wp\/v2\/users\/2","targetHints":{"allow":["GET"]}}],"collection":[{"href":"https:\/\/laurignano.com\/press\/wp-json\/wp\/v2\/users"}]}}